{"id":603,"date":"2016-06-20T20:19:22","date_gmt":"2016-06-20T18:19:22","guid":{"rendered":"http:\/\/eleggua.es\/blog\/?p=502"},"modified":"2016-06-20T20:19:22","modified_gmt":"2016-06-20T18:19:22","slug":"23-de-junio-fiesta-de-san-juan","status":"publish","type":"post","link":"https:\/\/eleggua.es\/blog\/23-de-junio-fiesta-de-san-juan\/","title":{"rendered":"23 DE JUNIO FIESTA DE SAN JUAN"},"content":{"rendered":"<p><a href=\"http:\/\/eleggua.es\/blog\/wp-content\/uploads\/2016\/06\/rotulo7.png\"><img loading=\"lazy\" class=\"aligncenter size-full wp-image-503\" src=\"http:\/\/eleggua.es\/blog\/wp-content\/uploads\/2016\/06\/rotulo7.png\" alt=\"rotulo7\" width=\"580\" height=\"237\" \/><\/a><\/p>\n<p id=\"enter_paragraph\">Las ra\u00edces de la celebraci\u00f3n de la Noche de San Juan se pierden en el tiempo. Nuestros antepasados cre\u00edan que el Sol estaba enamorado de la Tierra y se resist\u00eda a abandonarla. Y por ello comenz\u00f3 a festejarse en la \u00faltima noche de primavera, alrededor del 24 de junio, que es la m\u00e1s corta del a\u00f1o.\u00a0A esto se un\u00eda la superstici\u00f3n de que ese d\u00eda era el ideal para ahuyentar a los malos esp\u00edritus y atraer a los buenos, as\u00ed como para librar encantamientos de amor y fertilidad. Con la llegada del cristianismo, la Noche de San Juan se mantuvo, pero perdi\u00f3 su car\u00e1cter m\u00e1gico y adopt\u00f3 un nuevo significado. Seg\u00fan los textos sagrados,\u00a0<strong>Zacar\u00edas mand\u00f3 encender una hoguera para anunciar<\/strong> a sus parientes el\u00a0<strong>nacimiento de su hijo, Juan Bautista<\/strong>, que coincid\u00eda con la noche de solsticio de verano. Para conmemorar esa fecha, <strong>los cristianos del medievo encend\u00edan grandes hogueras y celebraban diversos ritos a su alrededor<\/strong>. En ellos siempre estaba presente la se\u00f1al de la Cruz.<\/p>\n<p>Cada a\u00f1o el recorrido del Sol es diferente y aunque la <strong>Fiesta\u00a0de San Juan o Solsticio de Verano<\/strong> lo celebramos\u00a0la noche del 23 de Junio, hay que tener en cuenta cu\u00e1l es la fecha exacta, que entraremos realmente en el verano, este a\u00f1o 2016.\u00a0Este a\u00f1o, habr\u00e1 <strong>Luna Llena el d\u00eda 20 de Junio<\/strong> a las 12:02 minutos. Significa que la Luna estar\u00e1 alineada con el Sol y la Tierra, mostrando a la Tierra toda su superficie iluminada. Luego empezar\u00e1 a menguar y eso significa, que la noche de San Juan, aunque nosotros la veamos llena, ser\u00e1 s\u00f3lo una impresi\u00f3n, porque habr\u00e1 empezado su\u00a0fase menguante.<\/p>\n<p>&nbsp;<\/p>\n<h2>RITUALES M\u00c1GICOS PARA LA NOCHE DE SAN JUAN<\/h2>\n<p>Esta es un noche m\u00e1gica y se presta a todo tipo de rituales, puesto que la naturaleza est\u00e1 atenta a todas nuestras se\u00f1ales.\u00a0Las peticiones o rituales no hay que hacerlos de cualquier manera. Es necesario saberlo hacer y elegir el momento propicio. El agua y el fuego juegan un papel muy importante y hay que saber manejarlos tambi\u00e9n. De hecho, en los rituales establecidos se juegan con los 5 elementos.<\/p>\n<p><a href=\"http:\/\/eleggua.es\/blog\/wp-content\/uploads\/2016\/06\/visd_0033JPG00T4R.jpg\"><img loading=\"lazy\" class=\"aligncenter size-full wp-image-505\" src=\"http:\/\/eleggua.es\/blog\/wp-content\/uploads\/2016\/06\/visd_0033JPG00T4R.jpg\" alt=\"_visd_0033JPG00T4R\" width=\"400\" height=\"300\" \/><\/a><\/p>\n<p><a href=\"http:\/\/eleggua.es\/blog\/wp-content\/uploads\/2016\/06\/visd_0033JPG00MIS.jpg\"><img loading=\"lazy\" class=\"aligncenter  wp-image-504\" src=\"http:\/\/eleggua.es\/blog\/wp-content\/uploads\/2016\/06\/visd_0033JPG00MIS.jpg\" alt=\"_visd_0033JPG00MIS\" width=\"401\" height=\"311\" \/><\/a><\/p>\n<p style=\"text-align: center;\"><a href=\"eleggua.es\/blog\" target=\"_blank\" rel=\"noopener noreferrer\"><strong>\u00a0www.eleggua.es<\/strong><\/a><\/p>\n","protected":false},"excerpt":{"rendered":"<p>Las ra\u00edces de la celebraci\u00f3n de la Noche de San Juan se pierden en el tiempo. Nuestros antepasados cre\u00edan que el Sol estaba enamorado de la Tierra y se resist\u00eda a abandonarla. Y por ello comenz\u00f3 a festejarse en la \u00faltima noche de primavera, alrededor del 24 de junio, que es la m\u00e1s corta del [&hellip;]<\/p>\n","protected":false},"author":1,"featured_media":0,"comment_status":"open","ping_status":"closed","sticky":false,"template":"","format":"standard","meta":{"_et_pb_use_builder":"","_et_pb_old_content":""},"categories":[9],"tags":[],"yoast_head":"<!-- This site is optimized with the Yoast SEO plugin v19.1 - https:\/\/yoast.com\/wordpress\/plugins\/seo\/ -->\n<title>23 DE JUNIO FIESTA DE SAN JUAN - Eleggua<\/title>\n<meta name=\"description\" content=\"Or\u00edgenes y rituales de la fiesta de San Juan.\" \/>\n<meta name=\"robots\" content=\"index, follow, max-snippet:-1, max-image-preview:large, max-video-preview:-1\" \/>\n<link rel=\"canonical\" href=\"https:\/\/eleggua.es\/blog\/23-de-junio-fiesta-de-san-juan\/\" \/>\n<meta property=\"og:locale\" content=\"es_ES\" \/>\n<meta property=\"og:type\" content=\"article\" \/>\n<meta property=\"og:title\" content=\"23 DE JUNIO FIESTA DE SAN JUAN - Eleggua\" \/>\n<meta property=\"og:description\" content=\"Or\u00edgenes y rituales de la fiesta de San Juan.\" \/>\n<meta property=\"og:url\" content=\"https:\/\/eleggua.es\/blog\/23-de-junio-fiesta-de-san-juan\/\" \/>\n<meta property=\"og:site_name\" content=\"Eleggua\" \/>\n<meta property=\"article:published_time\" content=\"2016-06-20T18:19:22+00:00\" \/>\n<meta property=\"og:image\" content=\"http:\/\/eleggua.es\/blog\/wp-content\/uploads\/2016\/06\/rotulo7.png\" \/>\n<meta name=\"twitter:card\" content=\"summary_large_image\" \/>\n<meta name=\"twitter:label1\" content=\"Escrito por\" \/>\n\t<meta name=\"twitter:data1\" content=\"Eleggua\" \/>\n\t<meta name=\"twitter:label2\" content=\"Tiempo de lectura\" \/>\n\t<meta name=\"twitter:data2\" content=\"2 minutos\" \/>\n<script type=\"application\/ld+json\" class=\"yoast-schema-graph\">{\"@context\":\"https:\/\/schema.org\",\"@graph\":[{\"@type\":\"WebSite\",\"@id\":\"https:\/\/eleggua.es\/blog\/#website\",\"url\":\"https:\/\/eleggua.es\/blog\/\",\"name\":\"Eleggua\",\"description\":\"Tiendas de productos esot\u00e9ricos en Madrid y Barcelona. Tienda online de productos esotericos y de santeria al por mayor.\",\"potentialAction\":[{\"@type\":\"SearchAction\",\"target\":{\"@type\":\"EntryPoint\",\"urlTemplate\":\"https:\/\/eleggua.es\/blog\/?s={search_term_string}\"},\"query-input\":\"required name=search_term_string\"}],\"inLanguage\":\"es\"},{\"@type\":\"ImageObject\",\"inLanguage\":\"es\",\"@id\":\"https:\/\/eleggua.es\/blog\/23-de-junio-fiesta-de-san-juan\/#primaryimage\",\"url\":\"http:\/\/eleggua.es\/blog\/wp-content\/uploads\/2016\/06\/rotulo7.png\",\"contentUrl\":\"http:\/\/eleggua.es\/blog\/wp-content\/uploads\/2016\/06\/rotulo7.png\"},{\"@type\":\"WebPage\",\"@id\":\"https:\/\/eleggua.es\/blog\/23-de-junio-fiesta-de-san-juan\/#webpage\",\"url\":\"https:\/\/eleggua.es\/blog\/23-de-junio-fiesta-de-san-juan\/\",\"name\":\"23 DE JUNIO FIESTA DE SAN JUAN - Eleggua\",\"isPartOf\":{\"@id\":\"https:\/\/eleggua.es\/blog\/#website\"},\"primaryImageOfPage\":{\"@id\":\"https:\/\/eleggua.es\/blog\/23-de-junio-fiesta-de-san-juan\/#primaryimage\"},\"datePublished\":\"2016-06-20T18:19:22+00:00\",\"dateModified\":\"2016-06-20T18:19:22+00:00\",\"author\":{\"@id\":\"https:\/\/eleggua.es\/blog\/#\/schema\/person\/432d6cd10f07b9d10caab6748bd04a74\"},\"description\":\"Or\u00edgenes y rituales de la fiesta de San Juan.\",\"breadcrumb\":{\"@id\":\"https:\/\/eleggua.es\/blog\/23-de-junio-fiesta-de-san-juan\/#breadcrumb\"},\"inLanguage\":\"es\",\"potentialAction\":[{\"@type\":\"ReadAction\",\"target\":[\"https:\/\/eleggua.es\/blog\/23-de-junio-fiesta-de-san-juan\/\"]}]},{\"@type\":\"BreadcrumbList\",\"@id\":\"https:\/\/eleggua.es\/blog\/23-de-junio-fiesta-de-san-juan\/#breadcrumb\",\"itemListElement\":[{\"@type\":\"ListItem\",\"position\":1,\"name\":\"Portada\",\"item\":\"https:\/\/eleggua.es\/blog\/\"},{\"@type\":\"ListItem\",\"position\":2,\"name\":\"23 DE JUNIO FIESTA DE SAN JUAN\"}]},{\"@type\":\"Person\",\"@id\":\"https:\/\/eleggua.es\/blog\/#\/schema\/person\/432d6cd10f07b9d10caab6748bd04a74\",\"name\":\"Eleggua\",\"image\":{\"@type\":\"ImageObject\",\"inLanguage\":\"es\",\"@id\":\"https:\/\/eleggua.es\/blog\/#\/schema\/person\/image\/\",\"url\":\"https:\/\/secure.gravatar.com\/avatar\/0eb483f7560c3c4e79a84df856f9d047?s=96&d=mm&r=g\",\"contentUrl\":\"https:\/\/secure.gravatar.com\/avatar\/0eb483f7560c3c4e79a84df856f9d047?s=96&d=mm&r=g\",\"caption\":\"Eleggua\"}}]}<\/script>\n<!-- \/ Yoast SEO plugin. -->","yoast_head_json":{"title":"23 DE JUNIO FIESTA DE SAN JUAN - Eleggua","description":"Or\u00edgenes y rituales de la fiesta de San Juan.","robots":{"index":"index","follow":"follow","max-snippet":"max-snippet:-1","max-image-preview":"max-image-preview:large","max-video-preview":"max-video-preview:-1"},"canonical":"https:\/\/eleggua.es\/blog\/23-de-junio-fiesta-de-san-juan\/","og_locale":"es_ES","og_type":"article","og_title":"23 DE JUNIO FIESTA DE SAN JUAN - Eleggua","og_description":"Or\u00edgenes y rituales de la fiesta de San Juan.","og_url":"https:\/\/eleggua.es\/blog\/23-de-junio-fiesta-de-san-juan\/","og_site_name":"Eleggua","article_published_time":"2016-06-20T18:19:22+00:00","og_image":[{"url":"http:\/\/eleggua.es\/blog\/wp-content\/uploads\/2016\/06\/rotulo7.png"}],"twitter_card":"summary_large_image","twitter_misc":{"Escrito por":"Eleggua","Tiempo de lectura":"2 minutos"},"schema":{"@context":"https:\/\/schema.org","@graph":[{"@type":"WebSite","@id":"https:\/\/eleggua.es\/blog\/#website","url":"https:\/\/eleggua.es\/blog\/","name":"Eleggua","description":"Tiendas de productos esot\u00e9ricos en Madrid y Barcelona. Tienda online de productos esotericos y de santeria al por mayor.","potentialAction":[{"@type":"SearchAction","target":{"@type":"EntryPoint","urlTemplate":"https:\/\/eleggua.es\/blog\/?s={search_term_string}"},"query-input":"required name=search_term_string"}],"inLanguage":"es"},{"@type":"ImageObject","inLanguage":"es","@id":"https:\/\/eleggua.es\/blog\/23-de-junio-fiesta-de-san-juan\/#primaryimage","url":"http:\/\/eleggua.es\/blog\/wp-content\/uploads\/2016\/06\/rotulo7.png","contentUrl":"http:\/\/eleggua.es\/blog\/wp-content\/uploads\/2016\/06\/rotulo7.png"},{"@type":"WebPage","@id":"https:\/\/eleggua.es\/blog\/23-de-junio-fiesta-de-san-juan\/#webpage","url":"https:\/\/eleggua.es\/blog\/23-de-junio-fiesta-de-san-juan\/","name":"23 DE JUNIO FIESTA DE SAN JUAN - Eleggua","isPartOf":{"@id":"https:\/\/eleggua.es\/blog\/#website"},"primaryImageOfPage":{"@id":"https:\/\/eleggua.es\/blog\/23-de-junio-fiesta-de-san-juan\/#primaryimage"},"datePublished":"2016-06-20T18:19:22+00:00","dateModified":"2016-06-20T18:19:22+00:00","author":{"@id":"https:\/\/eleggua.es\/blog\/#\/schema\/person\/432d6cd10f07b9d10caab6748bd04a74"},"description":"Or\u00edgenes y rituales de la fiesta de San Juan.","breadcrumb":{"@id":"https:\/\/eleggua.es\/blog\/23-de-junio-fiesta-de-san-juan\/#breadcrumb"},"inLanguage":"es","potentialAction":[{"@type":"ReadAction","target":["https:\/\/eleggua.es\/blog\/23-de-junio-fiesta-de-san-juan\/"]}]},{"@type":"BreadcrumbList","@id":"https:\/\/eleggua.es\/blog\/23-de-junio-fiesta-de-san-juan\/#breadcrumb","itemListElement":[{"@type":"ListItem","position":1,"name":"Portada","item":"https:\/\/eleggua.es\/blog\/"},{"@type":"ListItem","position":2,"name":"23 DE JUNIO FIESTA DE SAN JUAN"}]},{"@type":"Person","@id":"https:\/\/eleggua.es\/blog\/#\/schema\/person\/432d6cd10f07b9d10caab6748bd04a74","name":"Eleggua","image":{"@type":"ImageObject","inLanguage":"es","@id":"https:\/\/eleggua.es\/blog\/#\/schema\/person\/image\/","url":"https:\/\/secure.gravatar.com\/avatar\/0eb483f7560c3c4e79a84df856f9d047?s=96&d=mm&r=g","contentUrl":"https:\/\/secure.gravatar.com\/avatar\/0eb483f7560c3c4e79a84df856f9d047?s=96&d=mm&r=g","caption":"Eleggua"}}]}},"_links":{"self":[{"href":"https:\/\/eleggua.es\/blog\/wp-json\/wp\/v2\/posts\/603"}],"collection":[{"href":"https:\/\/eleggua.es\/blog\/wp-json\/wp\/v2\/posts"}],"about":[{"href":"https:\/\/eleggua.es\/blog\/wp-json\/wp\/v2\/types\/post"}],"author":[{"embeddable":true,"href":"https:\/\/eleggua.es\/blog\/wp-json\/wp\/v2\/users\/1"}],"replies":[{"embeddable":true,"href":"https:\/\/eleggua.es\/blog\/wp-json\/wp\/v2\/comments?post=603"}],"version-history":[{"count":0,"href":"https:\/\/eleggua.es\/blog\/wp-json\/wp\/v2\/posts\/603\/revisions"}],"wp:attachment":[{"href":"https:\/\/eleggua.es\/blog\/wp-json\/wp\/v2\/media?parent=603"}],"wp:term":[{"taxonomy":"category","embeddable":true,"href":"https:\/\/eleggua.es\/blog\/wp-json\/wp\/v2\/categories?post=603"},{"taxonomy":"post_tag","embeddable":true,"href":"https:\/\/eleggua.es\/blog\/wp-json\/wp\/v2\/tags?post=603"}],"curies":[{"name":"wp","href":"https:\/\/api.w.org\/{rel}","templated":true}]}}