{"id":298,"date":"2015-02-05T20:06:25","date_gmt":"2015-02-05T19:06:25","guid":{"rendered":"http:\/\/eleggua.es\/blog\/?p=298"},"modified":"2015-02-05T20:06:25","modified_gmt":"2015-02-05T19:06:25","slug":"san-valentin-el-patron-de-los-enamorados","status":"publish","type":"post","link":"https:\/\/eleggua.es\/blog\/san-valentin-el-patron-de-los-enamorados\/","title":{"rendered":"SAN VALENT\u00cdN, EL PATR\u00d3N DE LOS ENAMORADOS"},"content":{"rendered":"<div id=\"attachment_299\" style=\"width: 474px\" class=\"wp-caption aligncenter\"><a href=\"https:\/\/eleggua.es\/blog\"><img aria-describedby=\"caption-attachment-299\" loading=\"lazy\" class=\" wp-image-299\" title=\"Ritual San Valent\u00edn para el d\u00eda de los enamorados\" alt=\"Enamorados 03\" src=\"http:\/\/eleggua.es\/blog\/wp-content\/uploads\/2015\/02\/Enamorados-03.jpg\" width=\"464\" height=\"656\" \/><\/a><p id=\"caption-attachment-299\" class=\"wp-caption-text\">Ritual m\u00e1gico para el d\u00eda de San Valent\u00edn.<\/p><\/div>\n<p>&nbsp;<\/p>\n<p>Muchos piensan que <strong>San Valent\u00edn<\/strong> se celebra desde hace poco y que surgi\u00f3 por el inter\u00e9s de los grandes centros comerciales, pero su origen se remonta a la \u00e9poca del\u00a0Imperio Romano.<\/p>\n<p>San Valent\u00edn\u00a0era un sacerdote que, hacia el siglo III, ejerc\u00eda en\u00a0Roma. Gobernaba el emperador\u00a0Claudio II, quien decidi\u00f3 prohibir la celebraci\u00f3n de matrimonios para los j\u00f3venes, porque en su opini\u00f3n los solteros sin familia eran mejores soldados, ya que ten\u00edan menos ataduras.<\/p>\n<p>El sacerdote consider\u00f3 que el decreto era injusto y desafi\u00f3 al emperador. Celebraba en secreto matrimonios para j\u00f3venes enamorados (de ah\u00ed se ha popularizado que San Valent\u00edn sea el patr\u00f3n de los enamorados). El emperador Claudio II se enter\u00f3 y como san Valent\u00edn gozaba de un gran prestigio en Roma, el emperador lo llam\u00f3 a palacio. San Valent\u00edn aprovech\u00f3 aquella ocasi\u00f3n para hacer proselitismo del cristianismo. Aunque en un principio Claudio II mostr\u00f3 inter\u00e9s, el ej\u00e9rcito y el gobernador de Roma, llamado Calpurnio, lo persuadieron para quit\u00e1rselo de la cabeza.<\/p>\n<p>El emperador Claudio dio entonces orden de que encarcelasen a Valent\u00edn. Entonces, el oficial Asterius, encargado de encarcelarlo, quiso ridiculizar y poner a prueba a Valent\u00edn. Lo ret\u00f3 a que devolviese la vista a una hija suya, llamada Julia, que naci\u00f3 ciega. Valent\u00edn acept\u00f3 y, en\u00a0nombre del Se\u00f1or, le devolvi\u00f3 la vista.<\/p>\n<p>Este hecho convulsion\u00f3 a Asterius y su familia, quienes se convirtieron al cristianismo. De todas formas, Valent\u00edn sigui\u00f3 preso y el d\u00e9bil emperador Claudio finalmente orden\u00f3 que lo martirizaran y ejecutaran el 14 de febrero del a\u00f1o 270. La joven Julia, agradecida al santo, plant\u00f3 un almendro de flores rosadas junto a su tumba. De ah\u00ed que el\u00a0almendro\u00a0sea s\u00edmbolo de amor y amistad duraderos.<\/p>\n<p>El\u00a0<b>d\u00eda de san Valent\u00edn<\/b>\u00a0es una celebraci\u00f3n tradicional de pa\u00edses\u00a0anglosajones\u00a0que se ha ido implantando en otros pa\u00edses a lo largo del siglo XX principalmente en la que las parejas de\u00a0enamorados\u00a0expresan su amor y cari\u00f1o mutuamente. Se celebra el\u00a014 de febrero,\u00a0onom\u00e1stico\u00a0de\u00a0san Valent\u00edn. En algunos pa\u00edses se conoce como\u00a0<i>d\u00eda de los enamorados<\/i>\u00a0y en otros como el\u00a0<i>d\u00eda del amor y la amistad<\/i>.<\/p>\n<p style=\"text-align: center;\"><strong>ORACI\u00d3N PARA ENCONTRAR EL AMOR<\/strong><\/p>\n<p style=\"text-align: center;\"><em>\u201cGlorioso m\u00e1rtir San Valent\u00edn, colmado de copiosas bendiciones,<\/em><\/p>\n<p style=\"text-align: center;\"><em>poderoso en la palabra y en las obras. Grande a los ojos de Dios y<\/em><\/p>\n<p style=\"text-align: center;\"><em>de los hombres, por tu humildad y el ardiente celo con que<\/em><\/p>\n<p style=\"text-align: center;\"><em>procuraste la conversi\u00f3n de tantas almas a expensas de indecibles<\/em><\/p>\n<p style=\"text-align: center;\"><em>trabajos y persecuciones. Te suplico infundas en mi alma aversi\u00f3n a la vanidad y a los falsos<\/em><\/p>\n<p style=\"text-align: center;\"><em>placeres del mundo, inculca pureza a mis sentimientos e inf\u00fandeme<\/em><\/p>\n<p style=\"text-align: center;\"><em>esp\u00edritu de penitencia para llegar a comprender los sufrimientos<\/em><\/p>\n<p style=\"text-align: center;\"><em>redentores de nuestro Salvador.<\/em><\/p>\n<p style=\"text-align: center;\"><em>Te ruego intercedas ante Dios nuestro Se\u00f1or para que me conceda la<\/em><\/p>\n<p style=\"text-align: center;\"><em>gracia que fervorosamente pido (petici\u00f3n),<\/em><\/p>\n<p style=\"text-align: center;\"><em>gu\u00edame y l\u00edbrame de todo peligro espiritual y material.<\/em><\/p>\n<p style=\"text-align: center;\"><em>Por Jesucristo Nuestro Se\u00f1or. Amen\u201d<\/em><\/p>\n<p style=\"text-align: left;\">Encuentra tu ritual para el d\u00eda de los enamorados en<a href=\"https:\/\/eleggua.es\/blog\"> Eleggua.es<\/a><\/p>\n","protected":false},"excerpt":{"rendered":"<p>&nbsp; Muchos piensan que San Valent\u00edn se celebra desde hace poco y que surgi\u00f3 por el inter\u00e9s de los grandes centros comerciales, pero su origen se remonta a la \u00e9poca del\u00a0Imperio Romano. San Valent\u00edn\u00a0era un sacerdote que, hacia el siglo III, ejerc\u00eda en\u00a0Roma. Gobernaba el emperador\u00a0Claudio II, quien decidi\u00f3 prohibir la celebraci\u00f3n de matrimonios para [&hellip;]<\/p>\n","protected":false},"author":1,"featured_media":0,"comment_status":"open","ping_status":"closed","sticky":false,"template":"","format":"standard","meta":{"_et_pb_use_builder":"","_et_pb_old_content":""},"categories":[40,30,15,38,9],"tags":[16,18,19,41],"yoast_head":"<!-- This site is optimized with the Yoast SEO plugin v19.1 - https:\/\/yoast.com\/wordpress\/plugins\/seo\/ -->\n<title>SAN VALENT\u00cdN, EL PATR\u00d3N DE LOS ENAMORADOS - Eleggua<\/title>\n<meta name=\"description\" content=\"Somos el mayor distribuidor de productos esot\u00e9ricos de Europa. Ritual de San Valent\u00edn para el d\u00eda de los enamorados. Productos esot\u00e9ricos y de magia blanca.\" \/>\n<meta name=\"robots\" content=\"index, follow, max-snippet:-1, max-image-preview:large, max-video-preview:-1\" \/>\n<link rel=\"canonical\" href=\"https:\/\/eleggua.es\/blog\/san-valentin-el-patron-de-los-enamorados\/\" \/>\n<meta property=\"og:locale\" content=\"es_ES\" \/>\n<meta property=\"og:type\" content=\"article\" \/>\n<meta property=\"og:title\" content=\"SAN VALENT\u00cdN, EL PATR\u00d3N DE LOS ENAMORADOS - Eleggua\" \/>\n<meta property=\"og:description\" content=\"Somos el mayor distribuidor de productos esot\u00e9ricos de Europa. Ritual de San Valent\u00edn para el d\u00eda de los enamorados. Productos esot\u00e9ricos y de magia blanca.\" \/>\n<meta property=\"og:url\" content=\"https:\/\/eleggua.es\/blog\/san-valentin-el-patron-de-los-enamorados\/\" \/>\n<meta property=\"og:site_name\" content=\"Eleggua\" \/>\n<meta property=\"article:published_time\" content=\"2015-02-05T19:06:25+00:00\" \/>\n<meta property=\"og:image\" content=\"http:\/\/eleggua.es\/blog\/wp-content\/uploads\/2015\/02\/Enamorados-03.jpg\" \/>\n<meta name=\"twitter:card\" content=\"summary_large_image\" \/>\n<meta name=\"twitter:label1\" content=\"Escrito por\" \/>\n\t<meta name=\"twitter:data1\" content=\"Eleggua\" \/>\n\t<meta name=\"twitter:label2\" content=\"Tiempo de lectura\" \/>\n\t<meta name=\"twitter:data2\" content=\"3 minutos\" \/>\n<script type=\"application\/ld+json\" class=\"yoast-schema-graph\">{\"@context\":\"https:\/\/schema.org\",\"@graph\":[{\"@type\":\"WebSite\",\"@id\":\"https:\/\/eleggua.es\/blog\/#website\",\"url\":\"https:\/\/eleggua.es\/blog\/\",\"name\":\"Eleggua\",\"description\":\"Tiendas de productos esot\u00e9ricos en Madrid y Barcelona. Tienda online de productos esotericos y de santeria al por mayor.\",\"potentialAction\":[{\"@type\":\"SearchAction\",\"target\":{\"@type\":\"EntryPoint\",\"urlTemplate\":\"https:\/\/eleggua.es\/blog\/?s={search_term_string}\"},\"query-input\":\"required name=search_term_string\"}],\"inLanguage\":\"es\"},{\"@type\":\"ImageObject\",\"inLanguage\":\"es\",\"@id\":\"https:\/\/eleggua.es\/blog\/san-valentin-el-patron-de-los-enamorados\/#primaryimage\",\"url\":\"http:\/\/eleggua.es\/blog\/wp-content\/uploads\/2015\/02\/Enamorados-03.jpg\",\"contentUrl\":\"http:\/\/eleggua.es\/blog\/wp-content\/uploads\/2015\/02\/Enamorados-03.jpg\"},{\"@type\":\"WebPage\",\"@id\":\"https:\/\/eleggua.es\/blog\/san-valentin-el-patron-de-los-enamorados\/#webpage\",\"url\":\"https:\/\/eleggua.es\/blog\/san-valentin-el-patron-de-los-enamorados\/\",\"name\":\"SAN VALENT\u00cdN, EL PATR\u00d3N DE LOS ENAMORADOS - Eleggua\",\"isPartOf\":{\"@id\":\"https:\/\/eleggua.es\/blog\/#website\"},\"primaryImageOfPage\":{\"@id\":\"https:\/\/eleggua.es\/blog\/san-valentin-el-patron-de-los-enamorados\/#primaryimage\"},\"datePublished\":\"2015-02-05T19:06:25+00:00\",\"dateModified\":\"2015-02-05T19:06:25+00:00\",\"author\":{\"@id\":\"https:\/\/eleggua.es\/blog\/#\/schema\/person\/432d6cd10f07b9d10caab6748bd04a74\"},\"description\":\"Somos el mayor distribuidor de productos esot\u00e9ricos de Europa. Ritual de San Valent\u00edn para el d\u00eda de los enamorados. Productos esot\u00e9ricos y de magia blanca.\",\"breadcrumb\":{\"@id\":\"https:\/\/eleggua.es\/blog\/san-valentin-el-patron-de-los-enamorados\/#breadcrumb\"},\"inLanguage\":\"es\",\"potentialAction\":[{\"@type\":\"ReadAction\",\"target\":[\"https:\/\/eleggua.es\/blog\/san-valentin-el-patron-de-los-enamorados\/\"]}]},{\"@type\":\"BreadcrumbList\",\"@id\":\"https:\/\/eleggua.es\/blog\/san-valentin-el-patron-de-los-enamorados\/#breadcrumb\",\"itemListElement\":[{\"@type\":\"ListItem\",\"position\":1,\"name\":\"Portada\",\"item\":\"https:\/\/eleggua.es\/blog\/\"},{\"@type\":\"ListItem\",\"position\":2,\"name\":\"SAN VALENT\u00cdN, EL PATR\u00d3N DE LOS ENAMORADOS\"}]},{\"@type\":\"Person\",\"@id\":\"https:\/\/eleggua.es\/blog\/#\/schema\/person\/432d6cd10f07b9d10caab6748bd04a74\",\"name\":\"Eleggua\",\"image\":{\"@type\":\"ImageObject\",\"inLanguage\":\"es\",\"@id\":\"https:\/\/eleggua.es\/blog\/#\/schema\/person\/image\/\",\"url\":\"https:\/\/secure.gravatar.com\/avatar\/0eb483f7560c3c4e79a84df856f9d047?s=96&d=mm&r=g\",\"contentUrl\":\"https:\/\/secure.gravatar.com\/avatar\/0eb483f7560c3c4e79a84df856f9d047?s=96&d=mm&r=g\",\"caption\":\"Eleggua\"}}]}<\/script>\n<!-- \/ Yoast SEO plugin. -->","yoast_head_json":{"title":"SAN VALENT\u00cdN, EL PATR\u00d3N DE LOS ENAMORADOS - Eleggua","description":"Somos el mayor distribuidor de productos esot\u00e9ricos de Europa. Ritual de San Valent\u00edn para el d\u00eda de los enamorados. Productos esot\u00e9ricos y de magia blanca.","robots":{"index":"index","follow":"follow","max-snippet":"max-snippet:-1","max-image-preview":"max-image-preview:large","max-video-preview":"max-video-preview:-1"},"canonical":"https:\/\/eleggua.es\/blog\/san-valentin-el-patron-de-los-enamorados\/","og_locale":"es_ES","og_type":"article","og_title":"SAN VALENT\u00cdN, EL PATR\u00d3N DE LOS ENAMORADOS - Eleggua","og_description":"Somos el mayor distribuidor de productos esot\u00e9ricos de Europa. Ritual de San Valent\u00edn para el d\u00eda de los enamorados. Productos esot\u00e9ricos y de magia blanca.","og_url":"https:\/\/eleggua.es\/blog\/san-valentin-el-patron-de-los-enamorados\/","og_site_name":"Eleggua","article_published_time":"2015-02-05T19:06:25+00:00","og_image":[{"url":"http:\/\/eleggua.es\/blog\/wp-content\/uploads\/2015\/02\/Enamorados-03.jpg"}],"twitter_card":"summary_large_image","twitter_misc":{"Escrito por":"Eleggua","Tiempo de lectura":"3 minutos"},"schema":{"@context":"https:\/\/schema.org","@graph":[{"@type":"WebSite","@id":"https:\/\/eleggua.es\/blog\/#website","url":"https:\/\/eleggua.es\/blog\/","name":"Eleggua","description":"Tiendas de productos esot\u00e9ricos en Madrid y Barcelona. Tienda online de productos esotericos y de santeria al por mayor.","potentialAction":[{"@type":"SearchAction","target":{"@type":"EntryPoint","urlTemplate":"https:\/\/eleggua.es\/blog\/?s={search_term_string}"},"query-input":"required name=search_term_string"}],"inLanguage":"es"},{"@type":"ImageObject","inLanguage":"es","@id":"https:\/\/eleggua.es\/blog\/san-valentin-el-patron-de-los-enamorados\/#primaryimage","url":"http:\/\/eleggua.es\/blog\/wp-content\/uploads\/2015\/02\/Enamorados-03.jpg","contentUrl":"http:\/\/eleggua.es\/blog\/wp-content\/uploads\/2015\/02\/Enamorados-03.jpg"},{"@type":"WebPage","@id":"https:\/\/eleggua.es\/blog\/san-valentin-el-patron-de-los-enamorados\/#webpage","url":"https:\/\/eleggua.es\/blog\/san-valentin-el-patron-de-los-enamorados\/","name":"SAN VALENT\u00cdN, EL PATR\u00d3N DE LOS ENAMORADOS - Eleggua","isPartOf":{"@id":"https:\/\/eleggua.es\/blog\/#website"},"primaryImageOfPage":{"@id":"https:\/\/eleggua.es\/blog\/san-valentin-el-patron-de-los-enamorados\/#primaryimage"},"datePublished":"2015-02-05T19:06:25+00:00","dateModified":"2015-02-05T19:06:25+00:00","author":{"@id":"https:\/\/eleggua.es\/blog\/#\/schema\/person\/432d6cd10f07b9d10caab6748bd04a74"},"description":"Somos el mayor distribuidor de productos esot\u00e9ricos de Europa. Ritual de San Valent\u00edn para el d\u00eda de los enamorados. Productos esot\u00e9ricos y de magia blanca.","breadcrumb":{"@id":"https:\/\/eleggua.es\/blog\/san-valentin-el-patron-de-los-enamorados\/#breadcrumb"},"inLanguage":"es","potentialAction":[{"@type":"ReadAction","target":["https:\/\/eleggua.es\/blog\/san-valentin-el-patron-de-los-enamorados\/"]}]},{"@type":"BreadcrumbList","@id":"https:\/\/eleggua.es\/blog\/san-valentin-el-patron-de-los-enamorados\/#breadcrumb","itemListElement":[{"@type":"ListItem","position":1,"name":"Portada","item":"https:\/\/eleggua.es\/blog\/"},{"@type":"ListItem","position":2,"name":"SAN VALENT\u00cdN, EL PATR\u00d3N DE LOS ENAMORADOS"}]},{"@type":"Person","@id":"https:\/\/eleggua.es\/blog\/#\/schema\/person\/432d6cd10f07b9d10caab6748bd04a74","name":"Eleggua","image":{"@type":"ImageObject","inLanguage":"es","@id":"https:\/\/eleggua.es\/blog\/#\/schema\/person\/image\/","url":"https:\/\/secure.gravatar.com\/avatar\/0eb483f7560c3c4e79a84df856f9d047?s=96&d=mm&r=g","contentUrl":"https:\/\/secure.gravatar.com\/avatar\/0eb483f7560c3c4e79a84df856f9d047?s=96&d=mm&r=g","caption":"Eleggua"}}]}},"_links":{"self":[{"href":"https:\/\/eleggua.es\/blog\/wp-json\/wp\/v2\/posts\/298"}],"collection":[{"href":"https:\/\/eleggua.es\/blog\/wp-json\/wp\/v2\/posts"}],"about":[{"href":"https:\/\/eleggua.es\/blog\/wp-json\/wp\/v2\/types\/post"}],"author":[{"embeddable":true,"href":"https:\/\/eleggua.es\/blog\/wp-json\/wp\/v2\/users\/1"}],"replies":[{"embeddable":true,"href":"https:\/\/eleggua.es\/blog\/wp-json\/wp\/v2\/comments?post=298"}],"version-history":[{"count":0,"href":"https:\/\/eleggua.es\/blog\/wp-json\/wp\/v2\/posts\/298\/revisions"}],"wp:attachment":[{"href":"https:\/\/eleggua.es\/blog\/wp-json\/wp\/v2\/media?parent=298"}],"wp:term":[{"taxonomy":"category","embeddable":true,"href":"https:\/\/eleggua.es\/blog\/wp-json\/wp\/v2\/categories?post=298"},{"taxonomy":"post_tag","embeddable":true,"href":"https:\/\/eleggua.es\/blog\/wp-json\/wp\/v2\/tags?post=298"}],"curies":[{"name":"wp","href":"https:\/\/api.w.org\/{rel}","templated":true}]}}